{"id":3595,"date":"2022-01-05T16:19:41","date_gmt":"2022-01-05T15:19:41","guid":{"rendered":"https:\/\/spain-horses.com\/pre-in-sonderfarbe-cremello-5-jahre-159-stockmass\/"},"modified":"2025-02-27T15:37:00","modified_gmt":"2025-02-27T14:37:00","slug":"pre-en-capa-especial-cremello-5-anos-159-altura","status":"publish","type":"post","link":"https:\/\/spain-horses.com\/es\/pre-en-capa-especial-cremello-5-anos-159-altura\/","title":{"rendered":"PRE en capa especial Cremello 5 a\u00f1os 1,59 altura"},"content":{"rendered":"<p>Este potro en capa especial atrae todas las miradas, pero no s\u00f3lo por su gran color, sino tambi\u00e9n porque sabe moverse.<\/p>\n<p>Su padre es un semental palomino e hijo de Revoltoso de la yeguada Paco Mart\u00ed. Su madre es una yegua baya y nieta de Bizarro de Paco Mart\u00ed.<\/p>\n<p>Un gran potro que tambi\u00e9n tiene un gran car\u00e1cter. Actualmente est\u00e1 montado de forma b\u00e1sica en los 3 aires. Un gran compa\u00f1ero para el entrenamiento de doma, para salir a montar o para la equitaci\u00f3n de trabajo. Diferente puede ser castrado en el lugar.<\/p>\n<p>&nbsp;<\/p>\n<table border=\"0\" width=\"100%\" cellspacing=\"0\" cellpadding=\"4\">\n<tbody>\n<tr>\n<td valign=\"TOP\" width=\"100%\">\n<p style=\"background: #0084d1 none repeat scroll 0% 0%; text-align: center;\"><span style=\"color: #ffffff;\"><b>PERF\u00cdL:<\/b><\/span><\/p>\n<table style=\"width: 100%;\">\n<tbody>\n<tr>\n<td><strong>Nombre:<\/strong><\/td>\n<td><em>DIFERENTE<\/em><\/td>\n<td><strong>Sexo:<\/strong><\/td>\n<td><em>Entero<\/em><\/td>\n<\/tr>\n<tr>\n<td><strong>Raza:<\/strong><\/td>\n<td><em>PRE<br \/>\n<\/em><\/td>\n<td><strong>Capa:<\/strong><\/td>\n<td><em>Cremello<\/em><\/td>\n<\/tr>\n<tr>\n<td><strong>Edad:<\/strong><\/td>\n<td><em>2017<\/em><\/td>\n<td><strong>Disciplin:<\/strong><\/td>\n<td><em>Doma, Ocio, Cria<br \/>\n<\/em><\/td>\n<\/tr>\n<tr>\n<td><strong>Altura:<\/strong><\/td>\n<td><em>1,59 al bast\u00f3n<br \/>\n<\/em><\/td>\n<td><strong>Sede:<\/strong><\/td>\n<td><em>Barcelona<br \/>\n<\/em><\/td>\n<\/tr>\n<tr>\n<td><strong>Rangio de Precio:<\/strong><\/td>\n<td><em>VENDIDO<\/em><\/td>\n<td><strong>Contacto:<\/strong><\/td>\n<td><a href=\"https:\/\/spain-horses.com\/es\/consulta\/\" rel=\"noopener\"><em><strong>Consulta<\/strong><\/em><\/a><\/td>\n<\/tr>\n<\/tbody>\n<\/table>\n<\/td>\n<\/tr>\n<\/tbody>\n<\/table>\n<p>&nbsp;<\/p>\n<table border=\"0\" width=\"100%\" cellspacing=\"0\" cellpadding=\"4\">\n<tbody>\n<tr>\n<td valign=\"TOP\" width=\"100%\">\n<p style=\"background: #0084d1 none repeat scroll 0% 0%; text-align: center;\"><span style=\"color: #ffffff;\"><b>FOTOS:<\/b><\/span><\/p>\n<\/td>\n<\/tr>\n<\/tbody>\n<\/table>\n<div id='gallery-1' class='gallery galleryid-3595 gallery-columns-3 gallery-size-thumbnail'><figure class='gallery-item'>\n\t\t\t<div class='gallery-icon landscape'>\n\t\t\t\t<a href='https:\/\/spain-horses.com\/wp-content\/uploads\/2022\/11\/diferente03.jpg'><img loading=\"lazy\" decoding=\"async\" width=\"350\" height=\"250\" src=\"https:\/\/spain-horses.com\/wp-content\/uploads\/2022\/11\/diferente03-350x250.jpg\" class=\"attachment-thumbnail size-thumbnail\" alt=\"\" title=\"\"><\/a>\n\t\t\t<\/div><\/figure><figure class='gallery-item'>\n\t\t\t<div class='gallery-icon landscape'>\n\t\t\t\t<a href='https:\/\/spain-horses.com\/wp-content\/uploads\/2022\/11\/diferente02.jpg'><img loading=\"lazy\" decoding=\"async\" width=\"350\" height=\"250\" src=\"https:\/\/spain-horses.com\/wp-content\/uploads\/2022\/11\/diferente02-350x250.jpg\" class=\"attachment-thumbnail size-thumbnail\" alt=\"\" title=\"\"><\/a>\n\t\t\t<\/div><\/figure><figure class='gallery-item'>\n\t\t\t<div class='gallery-icon landscape'>\n\t\t\t\t<a href='https:\/\/spain-horses.com\/wp-content\/uploads\/2022\/11\/diferente01.jpg'><img loading=\"lazy\" decoding=\"async\" width=\"350\" height=\"250\" src=\"https:\/\/spain-horses.com\/wp-content\/uploads\/2022\/11\/diferente01-350x250.jpg\" class=\"attachment-thumbnail size-thumbnail\" alt=\"\" title=\"\"><\/a>\n\t\t\t<\/div><\/figure><figure class='gallery-item'>\n\t\t\t<div class='gallery-icon landscape'>\n\t\t\t\t<a href='https:\/\/spain-horses.com\/wp-content\/uploads\/2022\/11\/diferente06.jpg'><img loading=\"lazy\" decoding=\"async\" width=\"350\" height=\"250\" src=\"https:\/\/spain-horses.com\/wp-content\/uploads\/2022\/11\/diferente06-350x250.jpg\" class=\"attachment-thumbnail size-thumbnail\" alt=\"\" title=\"\"><\/a>\n\t\t\t<\/div><\/figure><figure class='gallery-item'>\n\t\t\t<div class='gallery-icon landscape'>\n\t\t\t\t<a href='https:\/\/spain-horses.com\/wp-content\/uploads\/2022\/11\/diferente05.jpg'><img loading=\"lazy\" decoding=\"async\" width=\"350\" height=\"250\" src=\"https:\/\/spain-horses.com\/wp-content\/uploads\/2022\/11\/diferente05-350x250.jpg\" class=\"attachment-thumbnail size-thumbnail\" alt=\"\" title=\"\"><\/a>\n\t\t\t<\/div><\/figure><figure class='gallery-item'>\n\t\t\t<div class='gallery-icon landscape'>\n\t\t\t\t<a href='https:\/\/spain-horses.com\/wp-content\/uploads\/2022\/11\/diferente04.jpg'><img loading=\"lazy\" decoding=\"async\" width=\"350\" height=\"250\" src=\"https:\/\/spain-horses.com\/wp-content\/uploads\/2022\/11\/diferente04-350x250.jpg\" class=\"attachment-thumbnail size-thumbnail\" alt=\"\" title=\"\"><\/a>\n\t\t\t<\/div><\/figure>\n\t\t<\/div>\n\n<p>&nbsp;<\/p>\n<table border=\"0\" width=\"100%\" cellspacing=\"0\" cellpadding=\"4\">\n<tbody>\n<tr>\n<td valign=\"TOP\" width=\"100%\">\n<p style=\"background: #0084d1 none repeat scroll 0% 0%; text-align: center;\"><span style=\"color: #ffffff;\"><b>VIDEOS:<\/b><\/span><\/p>\n<\/td>\n<\/tr>\n<\/tbody>\n<\/table>\n<p><a href=\"https:\/\/www.youtube.com\/watch?v=uuOry8ONh4w\" target=\"_blank\" rel=\"noopener\"><img loading=\"lazy\" decoding=\"async\" class=\"alignleft wp-image-3583 size-thumbnail\" src=\"https:\/\/spain-horses.com\/wp-content\/uploads\/2022\/11\/diferentevideopreview-350x250.jpg\" alt=\"\" width=\"350\" height=\"250\" title=\"\"><\/a><\/p>\n<p>&nbsp;<\/p>\n<p>&nbsp;<\/p>\n<p>&nbsp;<\/p>\n<p>&nbsp;<\/p>\n<p>&nbsp;<\/p>\n<p>&nbsp;<\/p>\n<p>&nbsp;<\/p>\n<hr \/>\n<p>&nbsp;<\/p>\n","protected":false},"excerpt":{"rendered":"<p>Este potro en capa especial atrae todas las miradas, pero no s\u00f3lo por su gran&#8230;<\/p>\n","protected":false},"author":2,"featured_media":3560,"comment_status":"closed","ping_status":"open","sticky":false,"template":"","format":"standard","meta":{"footnotes":""},"categories":[77,1055,78],"tags":[1063,277,1064,347,1065],"class_list":["post-3595","post","type-post","status-publish","format-standard","has-post-thumbnail","hentry","category-enteros","category-pura-raza-espanola","category-vendidos","tag-pre-capa-cremello","tag-pre-capa-diluida","tag-pre-capa-perlino","tag-pre-paco-marti","tag-pre-potro-en-capa-especial"],"_links":{"self":[{"href":"https:\/\/spain-horses.com\/es\/wp-json\/wp\/v2\/posts\/3595","targetHints":{"allow":["GET"]}}],"collection":[{"href":"https:\/\/spain-horses.com\/es\/wp-json\/wp\/v2\/posts"}],"about":[{"href":"https:\/\/spain-horses.com\/es\/wp-json\/wp\/v2\/types\/post"}],"author":[{"embeddable":true,"href":"https:\/\/spain-horses.com\/es\/wp-json\/wp\/v2\/users\/2"}],"replies":[{"embeddable":true,"href":"https:\/\/spain-horses.com\/es\/wp-json\/wp\/v2\/comments?post=3595"}],"version-history":[{"count":1,"href":"https:\/\/spain-horses.com\/es\/wp-json\/wp\/v2\/posts\/3595\/revisions"}],"predecessor-version":[{"id":6780,"href":"https:\/\/spain-horses.com\/es\/wp-json\/wp\/v2\/posts\/3595\/revisions\/6780"}],"wp:featuredmedia":[{"embeddable":true,"href":"https:\/\/spain-horses.com\/es\/wp-json\/wp\/v2\/media\/3560"}],"wp:attachment":[{"href":"https:\/\/spain-horses.com\/es\/wp-json\/wp\/v2\/media?parent=3595"}],"wp:term":[{"taxonomy":"category","embeddable":true,"href":"https:\/\/spain-horses.com\/es\/wp-json\/wp\/v2\/categories?post=3595"},{"taxonomy":"post_tag","embeddable":true,"href":"https:\/\/spain-horses.com\/es\/wp-json\/wp\/v2\/tags?post=3595"}],"curies":[{"name":"wp","href":"https:\/\/api.w.org\/{rel}","templated":true}]}}