{"id":7746,"date":"2026-08-25T18:51:53","date_gmt":"2026-08-25T16:51:53","guid":{"rendered":"https:\/\/spain-horses.com\/pre-wallach-8-jahre-freizeitpferd\/"},"modified":"2026-08-27T16:27:33","modified_gmt":"2026-08-27T14:27:33","slug":"pre-capado-8-anos-de-ocio","status":"publish","type":"post","link":"https:\/\/spain-horses.com\/es\/pre-capado-8-anos-de-ocio\/","title":{"rendered":"PRE, un caballo castrado: un vers\u00e1til y entra\u00f1able animal con un encanto especial"},"content":{"rendered":"<p>Thor es un caballo castrado de 8 a\u00f1os, de pelaje casta\u00f1o y una altura a la cruz de aproximadamente 1,60 m, que destaca sobre todo por una cosa: su car\u00e1cter realmente maravilloso.<\/p>\n<p>En el trato, Thor es una aut\u00e9ntica joya. Es amable, curioso, sociable y sencillo, y disfruta de la atenci\u00f3n y el cari\u00f1o. Un caballo con el que simplemente da gusto tener cerca.<\/p>\n<p>Durante los primeros a\u00f1os de su vida, Thor fue un caballo privado y de ocio. Se montaba principalmente en el campo y en el picadero, y se le entrenaba de forma s\u00f3lida a nivel de ocio.<\/p>\n<p>Tras su venta por motivos personales, Thor pas\u00f3 a manos del propietario de un centro ecuestre, donde se le sigui\u00f3 formando, orientando su entrenamiento m\u00e1s hacia la doma vaquera y la Alta Escuela. Gracias a ello, conoce elementos que no cabr\u00eda esperar necesariamente de un caballo cl\u00e1sico de ocio: por ejemplo, domina el piaffe a la mano y lo ejecuta tambi\u00e9n bajo la montura con ayuda desde el suelo. Adem\u00e1s, ya est\u00e1 familiarizado con un estilo de trabajo m\u00e1s recogido.<\/p>\n<p>Sin embargo, nosotros vemos el futuro de Thor no tanto en el exigente mundo de la formaci\u00f3n o la competici\u00f3n, sino m\u00e1s bien como un compa\u00f1ero de ocio vers\u00e1til y bien montado. Por eso, actualmente lo entrenamos deliberadamente con un estilo de montar suelto, orientado hacia adelante y hacia abajo, y relajado, d\u00e1ndole as\u00ed m\u00e1s espacio en el cuello y en la estructura. A Thor le gusta mucho este tipo de trabajo y se muestra satisfecho, relajado y cooperativo.<\/p>\n<p>Son precisamente sus diversas experiencias las que lo convierten en un caballo interesante: Thor est\u00e1 acostumbrado tanto a los tranquilos paseos de ocio y a los recorridos por el campo como a las clases m\u00e1s avanzadas y a la recogida. No es necesario sacar partido de estas habilidades, pero se puede hacer si te gusta.<\/p>\n<p>Para Thor buscamos a alguien que, sobre todo, sepa apreciar su magn\u00edfico car\u00e1cter y que busque un compa\u00f1ero cari\u00f1oso, vers\u00e1til y cercano a las personas. Ya sean paseos relajados, un trabajo variado en la pista, trabajo en el suelo o, de vez en cuando, una peque\u00f1a incursi\u00f3n en el mundo de las lecciones cl\u00e1sicas, Thor tiene mucho que ofrecer y, sobre todo, es una persona realmente simp\u00e1tica con un gran coraz\u00f3n.<\/p>\n<table border=\"0\" width=\"100%\" cellspacing=\"0\" cellpadding=\"4\">\n<tbody>\n<tr>\n<td valign=\"TOP\" width=\"100%\">\n<p style=\"background: #0084d1 none repeat scroll 0% 0%; text-align: center;\"><span style=\"color: #ffffff;\"><b>PERF\u00cdL:<\/b><\/span><\/p>\n<table style=\"width: 100%;\">\n<tbody>\n<tr>\n<td><strong>Nombre:<\/strong><\/td>\n<td><em>THOR<\/em><\/td>\n<td><strong>Sexo:<\/strong><\/td>\n<td>Capado<\/td>\n<\/tr>\n<tr>\n<td><strong>Raza:<\/strong><\/td>\n<td><em>PRE<\/em><\/td>\n<td><strong>Capa:<\/strong><\/td>\n<td><em>Casta\u00f1o<\/em><\/td>\n<\/tr>\n<tr>\n<td><strong>Edad:<\/strong><\/td>\n<td><em>2018<\/em><\/td>\n<td><strong>Disciplina:<\/strong><\/td>\n<td><em>Capa &#8211; Ocio &#8211; Equitaci\u00f3n de trabajo<\/em><\/td>\n<\/tr>\n<tr>\n<td><strong>Altura:<\/strong><\/td>\n<td><em>1,60<\/em><\/td>\n<td><strong>Sede:<\/strong><\/td>\n<td><em>19273 Teldau (Alemania)<\/em><\/td>\n<\/tr>\n<tr>\n<td><strong>Rangio de Precio:<\/strong><\/td>\n<td><strong><em>5.000,- a 10.000,- Euro<\/em><\/strong><\/td>\n<td><strong>Contacto:<\/strong><\/td>\n<td><a href=\"https:\/\/spain-horses.com\/es\/consulta\/\" rel=\"noopener\"><em><strong>Consulta<\/strong><\/em><\/a><\/td>\n<\/tr>\n<\/tbody>\n<\/table>\n<\/td>\n<\/tr>\n<\/tbody>\n<\/table>\n<p>&nbsp;<\/p>\n<table border=\"0\" width=\"100%\" cellspacing=\"0\" cellpadding=\"4\">\n<tbody>\n<tr>\n<td valign=\"TOP\" width=\"100%\">\n<p style=\"background: #0084d1 none repeat scroll 0% 0%; text-align: center;\"><span style=\"color: #ffffff;\"><b>FOTOS:<\/b><\/span><\/p>\n<\/td>\n<\/tr>\n<\/tbody>\n<\/table>\n<div id='gallery-1' class='gallery galleryid-7746 gallery-columns-3 gallery-size-thumbnail'><figure class='gallery-item'>\n\t\t\t<div class='gallery-icon landscape'>\n\t\t\t\t<a href='https:\/\/spain-horses.com\/wp-content\/uploads\/2026\/08\/018.jpg'><img loading=\"lazy\" decoding=\"async\" width=\"350\" height=\"250\" src=\"https:\/\/spain-horses.com\/wp-content\/uploads\/2026\/08\/018-350x250.jpg\" class=\"attachment-thumbnail size-thumbnail\" alt=\"\" title=\"\"><\/a>\n\t\t\t<\/div><\/figure><figure class='gallery-item'>\n\t\t\t<div class='gallery-icon landscape'>\n\t\t\t\t<a href='https:\/\/spain-horses.com\/wp-content\/uploads\/2026\/08\/019.jpg'><img loading=\"lazy\" decoding=\"async\" width=\"350\" height=\"250\" src=\"https:\/\/spain-horses.com\/wp-content\/uploads\/2026\/08\/019-350x250.jpg\" class=\"attachment-thumbnail size-thumbnail\" alt=\"\" title=\"\"><\/a>\n\t\t\t<\/div><\/figure><figure class='gallery-item'>\n\t\t\t<div class='gallery-icon landscape'>\n\t\t\t\t<a href='https:\/\/spain-horses.com\/wp-content\/uploads\/2026\/08\/004.jpg'><img loading=\"lazy\" decoding=\"async\" width=\"350\" height=\"250\" src=\"https:\/\/spain-horses.com\/wp-content\/uploads\/2026\/08\/004-350x250.jpg\" class=\"attachment-thumbnail size-thumbnail\" alt=\"\" title=\"\"><\/a>\n\t\t\t<\/div><\/figure><figure class='gallery-item'>\n\t\t\t<div class='gallery-icon landscape'>\n\t\t\t\t<a href='https:\/\/spain-horses.com\/wp-content\/uploads\/2026\/08\/005.jpg'><img loading=\"lazy\" decoding=\"async\" width=\"350\" height=\"250\" src=\"https:\/\/spain-horses.com\/wp-content\/uploads\/2026\/08\/005-350x250.jpg\" class=\"attachment-thumbnail size-thumbnail\" alt=\"\" title=\"\"><\/a>\n\t\t\t<\/div><\/figure><figure class='gallery-item'>\n\t\t\t<div class='gallery-icon landscape'>\n\t\t\t\t<a href='https:\/\/spain-horses.com\/wp-content\/uploads\/2026\/08\/009.jpg'><img loading=\"lazy\" decoding=\"async\" width=\"350\" height=\"250\" src=\"https:\/\/spain-horses.com\/wp-content\/uploads\/2026\/08\/009-350x250.jpg\" class=\"attachment-thumbnail size-thumbnail\" alt=\"\" title=\"\"><\/a>\n\t\t\t<\/div><\/figure><figure class='gallery-item'>\n\t\t\t<div class='gallery-icon landscape'>\n\t\t\t\t<a href='https:\/\/spain-horses.com\/wp-content\/uploads\/2026\/08\/012.jpg'><img loading=\"lazy\" decoding=\"async\" width=\"350\" height=\"250\" src=\"https:\/\/spain-horses.com\/wp-content\/uploads\/2026\/08\/012-350x250.jpg\" class=\"attachment-thumbnail size-thumbnail\" alt=\"\" title=\"\"><\/a>\n\t\t\t<\/div><\/figure>\n\t\t<\/div>\n\n<p>&nbsp;<\/p>\n<p style=\"background: #0084d1 none repeat scroll 0% 0%; text-align: center;\"><span style=\"color: #ffffff;\"><b>VIDEOS:<\/b><\/span><\/p>\n<p style=\"text-align: left;\"><a href=\"https:\/\/www.youtube.com\/watch?v=K0dWYy-9gW8&amp;t=7s\" target=\"_blank\" rel=\"noopener\"><img loading=\"lazy\" decoding=\"async\" class=\"alignleft wp-image-7732 size-thumbnail\" src=\"https:\/\/spain-horses.com\/wp-content\/uploads\/2026\/08\/thorvideopreview-350x250.jpg\" alt=\"\" width=\"350\" height=\"250\" title=\"\"><\/a><\/p>\n<p>&nbsp;<\/p>\n<p>&nbsp;<\/p>\n<p>&nbsp;<\/p>\n<p>&nbsp;<\/p>\n<p>&nbsp;<\/p>\n<p>&nbsp;<\/p>\n<hr \/>\n<p>&nbsp;<\/p>\n","protected":false},"excerpt":{"rendered":"<p>Thor es un caballo castrado de 8 a\u00f1os, de pelaje casta\u00f1o y una altura a&#8230;<\/p>\n","protected":false},"author":2,"featured_media":7754,"comment_status":"closed","ping_status":"open","sticky":false,"template":"","format":"standard","meta":{"footnotes":""},"categories":[79,1056,1055],"tags":[2283,2282,2284],"class_list":["post-7746","post","type-post","status-publish","format-standard","has-post-thumbnail","hentry","category-capados","category-la-raza","category-pura-raza-espanola","tag-pre-8-anos-capado-doma","tag-pre-8-anos-ocio","tag-pre-capado-8-anos"],"_links":{"self":[{"href":"https:\/\/spain-horses.com\/es\/wp-json\/wp\/v2\/posts\/7746","targetHints":{"allow":["GET"]}}],"collection":[{"href":"https:\/\/spain-horses.com\/es\/wp-json\/wp\/v2\/posts"}],"about":[{"href":"https:\/\/spain-horses.com\/es\/wp-json\/wp\/v2\/types\/post"}],"author":[{"embeddable":true,"href":"https:\/\/spain-horses.com\/es\/wp-json\/wp\/v2\/users\/2"}],"replies":[{"embeddable":true,"href":"https:\/\/spain-horses.com\/es\/wp-json\/wp\/v2\/comments?post=7746"}],"version-history":[{"count":3,"href":"https:\/\/spain-horses.com\/es\/wp-json\/wp\/v2\/posts\/7746\/revisions"}],"predecessor-version":[{"id":7760,"href":"https:\/\/spain-horses.com\/es\/wp-json\/wp\/v2\/posts\/7746\/revisions\/7760"}],"wp:featuredmedia":[{"embeddable":true,"href":"https:\/\/spain-horses.com\/es\/wp-json\/wp\/v2\/media\/7754"}],"wp:attachment":[{"href":"https:\/\/spain-horses.com\/es\/wp-json\/wp\/v2\/media?parent=7746"}],"wp:term":[{"taxonomy":"category","embeddable":true,"href":"https:\/\/spain-horses.com\/es\/wp-json\/wp\/v2\/categories?post=7746"},{"taxonomy":"post_tag","embeddable":true,"href":"https:\/\/spain-horses.com\/es\/wp-json\/wp\/v2\/tags?post=7746"}],"curies":[{"name":"wp","href":"https:\/\/api.w.org\/{rel}","templated":true}]}}